{"id":745,"date":"2026-08-29T12:03:17","date_gmt":"2026-08-29T10:03:17","guid":{"rendered":"https:\/\/gbe56.fr\/?p=745"},"modified":"2026-08-29T12:03:18","modified_gmt":"2026-08-29T10:03:18","slug":"gym-bien-etre-penestin-au-forum-des-associations","status":"publish","type":"post","link":"https:\/\/gbe56.fr\/index.php\/2026\/08\/29\/gym-bien-etre-penestin-au-forum-des-associations\/","title":{"rendered":"GYM &amp; BIEN-\u00caTRE PENESTIN AU FORUM DES ASSOCIATIONS !"},"content":{"rendered":"\n<p class=\"wp-block-paragraph\">Venez nous rencontrer au Forum des Associations de P\u00e9nestin !<\/p>\n\n\n\n<p class=\"wp-block-paragraph\">L\u2019\u00e9quipe de Gym &amp; Bien-\u00catre sera pr\u00e9sente pour vous faire d\u00e9couvrir nos activit\u00e9s, \u00e9changer avec vous, r\u00e9pondre \u00e0 toutes vos questions et prendre vos adh\u00e9sions.<\/p>\n\n\n\n<p class=\"wp-block-paragraph\">Samedi 5 septembre<\/p>\n\n\n\n<p class=\"wp-block-paragraph\">De 9h00 \u00e0 14h00<\/p>\n\n\n\n<p class=\"wp-block-paragraph\">Salle des F\u00eates de P\u00e9nestin<\/p>\n\n\n\n<p class=\"wp-block-paragraph\">Au programme :<\/p>\n\n\n\n<p class=\"wp-block-paragraph\">&#8211; Pilates<\/p>\n\n\n\n<p class=\"wp-block-paragraph\">&#8211; Stretching<\/p>\n\n\n\n<p class=\"wp-block-paragraph\">&#8211; Renforcement Form+<\/p>\n\n\n\n<p class=\"wp-block-paragraph\">&#8211; Renforcement Cardio<\/p>\n\n\n\n<p class=\"wp-block-paragraph\">NOUVEAUTE ! Coordination Musicale<\/p>\n\n\n\n<p class=\"wp-block-paragraph\">S\u00e9ance d&rsquo;inititiation le mardi 13 octobre de 9h00 \u00e0 10h00<\/p>\n\n\n\n<p class=\"wp-block-paragraph\">Que vous soyez d\u00e9j\u00e0 adh\u00e9rent.e ou que vous souhaitiez d\u00e9couvrir nos activit\u00e9s, venez nous rencontrer !<\/p>\n\n\n\n<p class=\"wp-block-paragraph\">Les adh\u00e9sions en ligne sont d\u00e9j\u00e0 ouvertes sur notre site :<\/p>\n\n\n\n<figure class=\"wp-block-embed\"><div class=\"wp-block-embed__wrapper\">\nhttps:\/\/gbe56.fr\n<\/div><\/figure>\n\n\n\n<p class=\"wp-block-paragraph\"><img loading=\"lazy\" decoding=\"async\" height=\"16\" width=\"16\" alt=\"\ud83d\uddd3\ufe0f\" src=\"https:\/\/static.xx.fbcdn.net\/images\/emoji.php\/v9\/tfb\/2\/16\/1f5d3.png\"> Reprise des cours : 15 septembre<\/p>\n\n\n\n<p class=\"wp-block-paragraph\"><img loading=\"lazy\" decoding=\"async\" height=\"16\" width=\"16\" alt=\"\ud83e\udde1\" src=\"https:\/\/static.xx.fbcdn.net\/images\/emoji.php\/v9\/t9c\/2\/16\/1f9e1.png\"> Bouger, respirer, se sentir bien\u2026 ensemble !<\/p>\n\n\n\n<p class=\"wp-block-paragraph\"><a href=\"https:\/\/www.facebook.com\/hashtag\/gymetbien%C3%AAtre?__cft__[0]=AZZ2X_7cik2jNbyl__K508HvAB1u5LDQpYvjrQifjLyVrqNBMUyh1TUBGKOzAXbBOp1QU0xZ6VSeadzqlagDGnHWz1PgcEGYZKJYVOSXdVj8Mw&amp;__tn__=*NK-R\">#GymEtBien\u00catre<\/a><a href=\"https:\/\/www.facebook.com\/hashtag\/p%C3%A9nestin?__cft__[0]=AZZ2X_7cik2jNbyl__K508HvAB1u5LDQpYvjrQifjLyVrqNBMUyh1TUBGKOzAXbBOp1QU0xZ6VSeadzqlagDGnHWz1PgcEGYZKJYVOSXdVj8Mw&amp;__tn__=*NK-R\">#P\u00e9nestin<\/a><a href=\"https:\/\/www.facebook.com\/hashtag\/forumdesassociations?__cft__[0]=AZZ2X_7cik2jNbyl__K508HvAB1u5LDQpYvjrQifjLyVrqNBMUyh1TUBGKOzAXbBOp1QU0xZ6VSeadzqlagDGnHWz1PgcEGYZKJYVOSXdVj8Mw&amp;__tn__=*NK-R\">#ForumDesAssociations<\/a><a href=\"https:\/\/www.facebook.com\/hashtag\/gymnastique?__cft__[0]=AZZ2X_7cik2jNbyl__K508HvAB1u5LDQpYvjrQifjLyVrqNBMUyh1TUBGKOzAXbBOp1QU0xZ6VSeadzqlagDGnHWz1PgcEGYZKJYVOSXdVj8Mw&amp;__tn__=*NK-R\">#Gymnastique<\/a><a href=\"https:\/\/www.facebook.com\/hashtag\/bien%C3%AAtre?__cft__[0]=AZZ2X_7cik2jNbyl__K508HvAB1u5LDQpYvjrQifjLyVrqNBMUyh1TUBGKOzAXbBOp1QU0xZ6VSeadzqlagDGnHWz1PgcEGYZKJYVOSXdVj8Mw&amp;__tn__=*NK-R\">#Bien\u00catre<\/a><a href=\"https:\/\/www.facebook.com\/hashtag\/pilates?__cft__[0]=AZZ2X_7cik2jNbyl__K508HvAB1u5LDQpYvjrQifjLyVrqNBMUyh1TUBGKOzAXbBOp1QU0xZ6VSeadzqlagDGnHWz1PgcEGYZKJYVOSXdVj8Mw&amp;__tn__=*NK-R\">#Pilates<\/a><a href=\"https:\/\/www.facebook.com\/hashtag\/stretching?__cft__[0]=AZZ2X_7cik2jNbyl__K508HvAB1u5LDQpYvjrQifjLyVrqNBMUyh1TUBGKOzAXbBOp1QU0xZ6VSeadzqlagDGnHWz1PgcEGYZKJYVOSXdVj8Mw&amp;__tn__=*NK-R\">#Stretching<\/a><a href=\"https:\/\/www.facebook.com\/hashtag\/renforcement?__cft__[0]=AZZ2X_7cik2jNbyl__K508HvAB1u5LDQpYvjrQifjLyVrqNBMUyh1TUBGKOzAXbBOp1QU0xZ6VSeadzqlagDGnHWz1PgcEGYZKJYVOSXdVj8Mw&amp;__tn__=*NK-R\">#Renforcement<\/a><a href=\"https:\/\/www.facebook.com\/hashtag\/coordinationmusicale?__cft__[0]=AZZ2X_7cik2jNbyl__K508HvAB1u5LDQpYvjrQifjLyVrqNBMUyh1TUBGKOzAXbBOp1QU0xZ6VSeadzqlagDGnHWz1PgcEGYZKJYVOSXdVj8Mw&amp;__tn__=*NK-R\">#CoordinationMusicale<\/a><a href=\"https:\/\/www.facebook.com\/hashtag\/nouvelleactivit%C3%A9?__cft__[0]=AZZ2X_7cik2jNbyl__K508HvAB1u5LDQpYvjrQifjLyVrqNBMUyh1TUBGKOzAXbBOp1QU0xZ6VSeadzqlagDGnHWz1PgcEGYZKJYVOSXdVj8Mw&amp;__tn__=*NK-R\">#NouvelleActivit\u00e9<\/a><\/p>\n\n\n\n<figure class=\"wp-block-image size-large\"><img loading=\"lazy\" decoding=\"async\" width=\"683\" height=\"1024\" src=\"http:\/\/gbe56.fr\/wp-content\/uploads\/2026\/07\/Initiation-Coordination-Musicale-683x1024.jpg\" alt=\"\" class=\"wp-image-722\" srcset=\"https:\/\/gbe56.fr\/wp-content\/uploads\/2026\/07\/Initiation-Coordination-Musicale-683x1024.jpg 683w, https:\/\/gbe56.fr\/wp-content\/uploads\/2026\/07\/Initiation-Coordination-Musicale-200x300.jpg 200w, https:\/\/gbe56.fr\/wp-content\/uploads\/2026\/07\/Initiation-Coordination-Musicale-768x1152.jpg 768w, https:\/\/gbe56.fr\/wp-content\/uploads\/2026\/07\/Initiation-Coordination-Musicale-624x936.jpg 624w, https:\/\/gbe56.fr\/wp-content\/uploads\/2026\/07\/Initiation-Coordination-Musicale.jpg 1024w\" sizes=\"auto, (max-width: 683px) 100vw, 683px\" \/><\/figure>\n","protected":false},"excerpt":{"rendered":"<p>Venez nous rencontrer au Forum des Associations de P\u00e9nestin ! L\u2019\u00e9quipe de Gym &amp; Bien-\u00catre sera pr\u00e9sente pour vous faire d\u00e9couvrir nos activit\u00e9s, \u00e9changer avec vous, r\u00e9pondre \u00e0 toutes vos questions et prendre vos adh\u00e9sions. Samedi 5 septembre De 9h00 \u00e0 14h00 Salle des F\u00eates de P\u00e9nestin Au programme : &#8211; Pilates &#8211; Stretching &#8211; [&hellip;]<\/p>\n","protected":false},"author":1,"featured_media":0,"comment_status":"closed","ping_status":"open","sticky":false,"template":"","format":"standard","meta":{"footnotes":""},"categories":[1],"tags":[],"class_list":["post-745","post","type-post","status-publish","format-standard","hentry","category-non-classe"],"_links":{"self":[{"href":"https:\/\/gbe56.fr\/index.php\/wp-json\/wp\/v2\/posts\/745","targetHints":{"allow":["GET"]}}],"collection":[{"href":"https:\/\/gbe56.fr\/index.php\/wp-json\/wp\/v2\/posts"}],"about":[{"href":"https:\/\/gbe56.fr\/index.php\/wp-json\/wp\/v2\/types\/post"}],"author":[{"embeddable":true,"href":"https:\/\/gbe56.fr\/index.php\/wp-json\/wp\/v2\/users\/1"}],"replies":[{"embeddable":true,"href":"https:\/\/gbe56.fr\/index.php\/wp-json\/wp\/v2\/comments?post=745"}],"version-history":[{"count":1,"href":"https:\/\/gbe56.fr\/index.php\/wp-json\/wp\/v2\/posts\/745\/revisions"}],"predecessor-version":[{"id":746,"href":"https:\/\/gbe56.fr\/index.php\/wp-json\/wp\/v2\/posts\/745\/revisions\/746"}],"wp:attachment":[{"href":"https:\/\/gbe56.fr\/index.php\/wp-json\/wp\/v2\/media?parent=745"}],"wp:term":[{"taxonomy":"category","embeddable":true,"href":"https:\/\/gbe56.fr\/index.php\/wp-json\/wp\/v2\/categories?post=745"},{"taxonomy":"post_tag","embeddable":true,"href":"https:\/\/gbe56.fr\/index.php\/wp-json\/wp\/v2\/tags?post=745"}],"curies":[{"name":"wp","href":"https:\/\/api.w.org\/{rel}","templated":true}]}}